{"id":36561,"date":"2023-11-24T10:59:22","date_gmt":"2023-11-24T09:59:22","guid":{"rendered":"https:\/\/meine-wochenmaerkte.de\/?p=36561"},"modified":"2023-11-24T11:35:15","modified_gmt":"2023-11-24T10:35:15","slug":"weihnachtspunsch-geschenke-und-mehr","status":"publish","type":"post","link":"https:\/\/meine-wochenmaerkte.de\/weihnachtspunsch-geschenke-und-mehr\/","title":{"rendered":"Weihnachtspunsch, Geschenke und mehr: Wochenm\u00e4rkte laden ein"},"content":{"rendered":"<h1>Weihnachtspunsch, Geschenke und mehr: Wochenm\u00e4rkte laden ein<\/h1>\n<p><strong>In knapp vier Wochen ist Weihnachten!<\/strong> Weil das aber noch viel zu lange dauert, m\u00f6chten wir es uns bis dahin mit unseren Besucherinnen und Besuchern auf gut zehn unserer 36 Wochenm\u00e4rkte ein wenig vorweihnachtlich gem\u00fctlich machen. Deshalb haben sich die Marktleute unterschiedliche Aktionen f\u00fcr ihre M\u00e4rkte \u00fcberlegt: Es gibt kleine Geschenke wie beispielsweise die beliebten Pixi-Kinderb\u00fccher sowie Buntstifte f\u00fcr die Kleinen und die begehrten \u201eMarktb\u00fcddel\u201c und noch mehr f\u00fcr die Gro\u00dfen. Und Punsch gibt es auch! Alles, solange der Vorrat reicht! Der Umwelt zuliebe k\u00f6nnen unsere Besucherinnen und Besucher f\u00fcr den Punsch auch ihre eigenen Becher mitbringen.<\/p>\n<p><strong>Die Aktion startet am Freitag, 24. November, auf dem Wochenmarkt Blockdiek und endet am Mittwoch, 20. Dezember, auf dem Hemelinger Markt.<\/strong> Dann k\u00f6nnen Wochenmarkt-Fans saisonale und frische Lebensmittel einkaufen und sich w\u00e4hrenddessen auf ihrem Lieblingsmarkt um die Ecke schon mal ein wenig in Weihnachtsstimmung bringen.<\/p>\n<p>.<\/p>\n","protected":false},"excerpt":{"rendered":"<p>Weihnachtspunsch, Geschenke und mehr: Wochenm\u00e4rkte laden ein In knapp vier Wochen ist Weihnachten! Weil das aber noch viel zu lange dauert, m\u00f6chten wir es uns bis<span class=\"excerpt-hellip\"> [\u2026]<\/span><\/p>\n","protected":false},"author":1,"featured_media":36562,"comment_status":"closed","ping_status":"closed","sticky":false,"template":"","format":"standard","meta":{"_acf_changed":false,"wpupg_custom_link":[],"wpupg_custom_link_behaviour":[],"wpupg_custom_link_nofollow":[],"wpupg_custom_image":[],"wpupg_custom_image_id":[],"footnotes":""},"categories":[111,110,7,77,12,83,91,102,14,15,82,39,87],"tags":[],"class_list":["post-36561","post","type-post","status-publish","format-standard","has-post-thumbnail","hentry","category-arbergen","category-blockdiek","category-bremen-blog","category-bremerhaven-blog","category-findorff","category-geestemuende","category-h-h-meier-allee","category-hastedt","category-hemelingen","category-horn-lehe","category-lehe","category-marktnews","category-vahr"],"acf":[],"aioseo_notices":[],"_links":{"self":[{"href":"https:\/\/meine-wochenmaerkte.de\/api\/wp\/v2\/posts\/36561","targetHints":{"allow":["GET"]}}],"collection":[{"href":"https:\/\/meine-wochenmaerkte.de\/api\/wp\/v2\/posts"}],"about":[{"href":"https:\/\/meine-wochenmaerkte.de\/api\/wp\/v2\/types\/post"}],"author":[{"embeddable":true,"href":"https:\/\/meine-wochenmaerkte.de\/api\/wp\/v2\/users\/1"}],"replies":[{"embeddable":true,"href":"https:\/\/meine-wochenmaerkte.de\/api\/wp\/v2\/comments?post=36561"}],"version-history":[{"count":0,"href":"https:\/\/meine-wochenmaerkte.de\/api\/wp\/v2\/posts\/36561\/revisions"}],"wp:featuredmedia":[{"embeddable":true,"href":"https:\/\/meine-wochenmaerkte.de\/api\/wp\/v2\/media\/36562"}],"wp:attachment":[{"href":"https:\/\/meine-wochenmaerkte.de\/api\/wp\/v2\/media?parent=36561"}],"wp:term":[{"taxonomy":"category","embeddable":true,"href":"https:\/\/meine-wochenmaerkte.de\/api\/wp\/v2\/categories?post=36561"},{"taxonomy":"post_tag","embeddable":true,"href":"https:\/\/meine-wochenmaerkte.de\/api\/wp\/v2\/tags?post=36561"}],"curies":[{"name":"wp","href":"https:\/\/api.w.org\/{rel}","templated":true}]}}