{"id":55842,"date":"2025-11-01T14:39:55","date_gmt":"2025-11-01T13:39:55","guid":{"rendered":"https:\/\/meine-wochenmaerkte.de\/?p=55842"},"modified":"2026-01-27T19:44:57","modified_gmt":"2026-01-27T18:44:57","slug":"november-alte-apfelsorten","status":"publish","type":"post","link":"https:\/\/meine-wochenmaerkte.de\/november-alte-apfelsorten\/","title":{"rendered":"November: Alte Apfelsorten"},"content":{"rendered":"<p><img decoding=\"async\" data-src=\"https:\/\/meine-wochenmaerkte.de\/wp-content\/smush-webp\/WM_Marktkalender_Logo_HB-BHV_03.png.webp#55406\" alt=\"Marktkalender\" width=\"834\" class=\"smush-dimensions lazyload\" style=\"--smush-image-width: 834px; --smush-image-aspect-ratio: 834\/730;\" src=\"data:image\/svg+xml;base64,PHN2ZyB3aWR0aD0iMSIgaGVpZ2h0PSIxIiB4bWxucz0iaHR0cDovL3d3dy53My5vcmcvMjAwMC9zdmciPjwvc3ZnPg==\" data-srcset=\"https:\/\/meine-wochenmaerkte.de\/wp-content\/smush-webp\/WM_Marktkalender_Logo_HB-BHV_03.png.webp 834w, https:\/\/meine-wochenmaerkte.de\/wp-content\/smush-webp\/WM_Marktkalender_Logo_HB-BHV_03-86x75.png.webp 86w, https:\/\/meine-wochenmaerkte.de\/wp-content\/smush-webp\/WM_Marktkalender_Logo_HB-BHV_03-480x420.png.webp 480w\" data-sizes=\"auto\" data-original-sizes=\"(max-width:767px) 480px, (max-width:834px) 100vw, 834px\" \/><\/p>\n<p>Boskop, Herbstprinz &amp; Co.: \u00c4pfel mit Charakter<br \/>\n#148ea7<\/p>\n<p>Obstbauer Dirk Detje schw\u00e4rmt von alten Apfelsorten \u2013 und verr\u00e4t ein Blitzrezept<br \/>\n#148ea7<\/p>\n<p>\u201eZwischen zwei Apfeltouren\u201c hat Obstbauer Dirk Detje aus Westerladekop im Alten Land, unser Marktpate im November, kurz Zeit gefunden, um \u00fcber seine Arbeit zu sprechen. Gerade ist Hochsaison, er arbeitet 70 Stunden pro Woche und hat dennoch h\u00f6rbar Freude daran. \u201eIch mache in meinem Job beinahe t\u00e4glich etwas anderes und kann au\u00dferdem behaupten, dass ich all unsere 50.000 B\u00e4ume selbst gepflanzt habe. Mein Soll in Sachen ,einen Baum pflanzen\\&#8216; habe ich also mehr als erf\u00fcllt\u201c, sagt er und lacht.<br \/>\nno-repeat;left top;;<br \/>\nauto<br \/>\n0px<\/p>\n<p><img decoding=\"async\" data-src=\"https:\/\/meine-wochenmaerkte.de\/wp-content\/smush-webp\/20251001_160239.jpg.webp\" alt=\"Ein Mann und eine Frau in passenden gr\u00fcnen Sweatshirts stehen an einem sonnigen Tag l\u00e4chelnd vor einem Apfelbaum voller roter \u00c4pfel. Die Frau tr\u00e4gt eine Brille und beide stehen dicht beieinander und genie\u00dfen die Natur.\" width=\"683\" class=\"smush-dimensions lazyload\" style=\"--smush-image-width: 683px; --smush-image-aspect-ratio: 683\/910;\" src=\"data:image\/svg+xml;base64,PHN2ZyB3aWR0aD0iMSIgaGVpZ2h0PSIxIiB4bWxucz0iaHR0cDovL3d3dy53My5vcmcvMjAwMC9zdmciPjwvc3ZnPg==\" data-srcset=\"https:\/\/meine-wochenmaerkte.de\/wp-content\/smush-webp\/20251001_160239.jpg.webp 683w, https:\/\/meine-wochenmaerkte.de\/wp-content\/smush-webp\/20251001_160239-56x75.jpg.webp 56w, https:\/\/meine-wochenmaerkte.de\/wp-content\/smush-webp\/20251001_160239-480x640.jpg.webp 480w\" data-sizes=\"auto\" data-original-sizes=\"(max-width:767px) 480px, 683px\" \/><br \/>\nMarktpate Dirk Detje<br \/>\nDirk Detje ist mit Leib und Seele Obstbauer und in dritter Generation f\u00fcr den Betrieb verantwortlich. Ihm gef\u00e4llt die Vielfalt seines Jobs. Besonders gern steht er auf den Wochenm\u00e4rkten.<\/p>\n<p>REZEPT:<br \/>\n#ffffff<br \/>\nno-repeat;left top;;<br \/>\nauto<br \/>\n0px<\/p>\n<p>Detjes Blitz-Apfelkuchen(f\u00fcr 1 Blech oder ca. 6\u20138 St\u00fccke)Zutaten1 Rolle Bl\u00e4tterteig (aus dem K\u00fchlregal)3 &#8211; 4 \u00c4pfel (z. B. Boskop oder Finkenwerder Herbstprinz)3 &#8211; 4 EL Aprikosenmarmelade2 EL Rosinen (optional)2 EL gehobelte Mandelnetwas Zitronensaft1 &#8211; 2 EL Zucker und Zimt nach GeschmackZubereitungDen Backofen auf 200 \u00b0C (Ober-\/Unterhitze) vorheizen. Bl\u00e4tterteig mit dem Backpapier auf ein Blech legen.Aprikosenmarmelade kurz erw\u00e4rmen und gleichm\u00e4\u00dfig auf dem Teig verstreichen. \u00c4pfel waschen, entkernen, in feine Spalten schneiden und mit etwas Zitronensaft betr\u00e4ufeln. Apfelspalten dachziegelartig auf dem Bl\u00e4tterteig verteilen. Mit Rosinen, Mandeln, Zucker und Zimt bestreuen.Im hei\u00dfen Ofen ca. 20\u201325 Minuten backen, bis der Teig goldbraun ist.Tipp: Lauwarm servieren \u2013 wer mag, mit einer Kugel Vanilleeis oder einem Klecks Schlagsahne.<br \/>\n#ffffff<br \/>\nno-repeat;left top;;<br \/>\nauto<br \/>\n0px<\/p>\n<p>Wenn das Alte Land rosa leuchtetBesonders am Herzen liegt ihm die Sorte Ingrid Marie, ein Apfel aus D\u00e4nemark. \u201eDas knallrosa Bl\u00fctenmeer im Mai ist einfach der Hammer. Wer das einmal gesehen hat, wei\u00df, warum die Apfelbl\u00fcte jedes Jahr unz\u00e4hlige Schaulustige anzieht. Da kann die L\u00fcneburger Heide einpacken!\u201c sagt Detje augenzwinkernd und f\u00fcgt an: \u201eWenn ich die Bl\u00fcten von Ingrid Marie sehe, kommen bei mir die sch\u00f6nsten Kindheitserinnerungen hoch.\u201c Eine sch\u00f6ne Kindheit hatte vermutlich auch die kleine Ingrid Marie \u2013 denn nach ihr wurde der Zufallss\u00e4mling benannt, den ihr Vater, der Lehrer K. Madsen, um 1910 auf dem Gel\u00e4nde einer Gartenbauschule auf F\u00fcnen zwischen Himbeerstr\u00e4uchern entdeckt hatte. Botanisch ist der Apfel eine Kreuzung aus Cox Orange und Cox Pomona. Die Fr\u00fcchte sind tiefrot, ihr Aroma s\u00fc\u00df-s\u00e4uerlich und erfrischend.Apfel-Charaktere mit Ecken und KantenNeben Elstar, Wellant und Red Prince kultiviert der Familienbetrieb rund 20 verschiedene Sorten. Wer also Vielfalt sucht, findet bei Detje all die Klassiker, die es im Supermarkt kaum noch gibt. Da ist zum Beispiel der urspr\u00fcnglich aus England stammende Cox Orange, aus dem unter anderem auch der Ingrid Marie hervorging. Er gilt als \u201eK\u00f6nigin der \u00c4pfel\u201c. Klein bis mittelgro\u00df, auf gelbgr\u00fcnem Grund mit einer orangeroten Marmorierung, begeistert er mit einer fast parf\u00fcmiert wirkenden W\u00fcrze, in der Honig- und Muskatnoten mitschwingen. Schwierig im Anbau, aber eine geschmackliche Ikone, die Generationen von Z\u00fcchtern inspiriert hat \u2013 viele moderne Sorten gehen direkt auf ihn zur\u00fcck.Ein Muss in Detjes Sortiment ist der Finkenwerder Herbstprinz, eine fast vergessene norddeutsche Sorte. Sein glockenf\u00f6rmiger K\u00f6rper ist gr\u00fcn mit roter Streifung, geschmacklich bewegt er sich zwischen herb-s\u00fc\u00df und fein s\u00e4uerlich. Erst wenn er ein wenig angewelkt ist, entfaltet er sein volles Aroma \u2013 ein Geheimtipp f\u00fcr Kenner. In den 1960er-Jahren war er im Raum Hamburg ein Wirtschaftsapfel von Rang, heute ist er fast verschwunden.Der \u201eSch\u00f6ne aus Boskoop\u201c, kurz Boskop, ist dagegen noch heute in aller Munde und begleitet so manchen G\u00e4nsebraten zu Weihnachten. Mit seinen m\u00e4chtigen Fr\u00fcchten, die leicht \u00fcber 200 Gramm wiegen, ist er der Inbegriff des Winterapfels. Kaum eine Sorte eignet sich besser f\u00fcr Brat\u00e4pfel oder Apfelkuchen. Seine S\u00e4ure ist kr\u00e4ftig, sein Aroma unverwechselbar \u2013 und je l\u00e4nger er lagert, desto runder wird sein Geschmack.Auch die Renetten insgesamt haben Geschichte geschrieben. Sie sind keine einzelne Sorte, sondern bilden eine ganze Familie von \u00c4pfeln, die \u00fcber Jahrhunderte als die feinsten galten. Ihr Fleisch ist aromatisch und w\u00fcrzig, manchmal etwas mehliger, aber voller Charakter. Die Rubinette, eine Kreuzung aus Cox Orange und Golden Delicious, ist sozusagen die moderne Hommage an diese Gruppe: klein, intensiv, s\u00fc\u00dfs\u00e4uerlich \u2013 und bei Liebhabern l\u00e4ngst Kult.<br \/>\nSub-Header &amp; Einf\u00fchrung<br \/>\nno-repeat;left top;;<br \/>\nauto<br \/>\n0px<\/p>\n<p>Lagerung von \u00c4pfeln \u2013 vom Obsthof bis nach HauseNicht jeder Apfel ist sofort genussreif, wenn er vom Baum kommt. Viele klassische Wintersorten wie der schon erw\u00e4hnte Boskop werden im September oder Oktober geerntet, entfalten ihr volles Aroma aber erst nach einigen Wochen Lagerung. Erst dann werden die S\u00e4uren milder und der Geschmack runder. Deshalb kommen solche Sorten oft erst im November oder Dezember auf den Markt.Damit das Nachreifen gelingt, brauchen \u00c4pfel auf dem Hof spezielle Bedingungen: K\u00fchle, Dunkelheit, hohe Luftfeuchtigkeit und m\u00f6glichst gleichbleibende Temperatur. In modernen Lagern wird zus\u00e4tzlich Sauerstoff entzogen \u2013 so verlangsamt sich die Reifung.Auch zu Hause gilt: \u00c4pfel m\u00f6gen es k\u00fchl und dunkel. Das Gem\u00fcsefach im K\u00fchlschrank eignet sich grunds\u00e4tzlich, besser ist aber ein unbeheizter Keller oder ein frostfreier Schuppen. Dort bleiben die Fr\u00fcchte knackig und aromatisch. Wichtig: \u00c4pfel sondern Ethylen ab, ein Reifegas, das anderes Obst und Gem\u00fcse schneller altern l\u00e4sst. Deshalb sollte man sie nicht neben empfindliche Sorten wie Tomaten, Gurken oder Salat legen.Ein weiterer Tipp: \u00c4pfel m\u00f6glichst locker lagern, nicht stapeln und angeschlagene Fr\u00fcchte sofort aussortieren \u2013 sonst steckt der \u201efaule Apfel\u201c die anderen an.Alte Sorten und Allergien\u201eViele meiner Kunden, die auf \u201aneuzeitliche\u2018 Apfelsorten mit Niesreiz oder Magen-Darm-Problemen reagieren, berichten, dass sie alte Sorten deutlich besser vertragen\u201c, sagt Detje. Diese Beobachtung wird von medizinischen Fachleuten inzwischen best\u00e4tigt. Der Grund ist ein h\u00f6herer Polyphenolgehalt. Alte Sorten wie Boskop, Finkenwerder Herbstprinz oder Renetten enthalten sehr viele Polyphenole. Diese sind f\u00fcr die schnelle Br\u00e4unung des Fruchtfleisches verantwortlich \u2013 bringen aber gleichzeitig Aroma und binden Eiwei\u00dfstoffe, die allergische Reaktionen ausl\u00f6sen k\u00f6nnen. Neue Sorten wurden in den vergangenen Jahrzehnten auf s\u00fc\u00dfen Geschmack, festes Fruchtfleisch und makelloses Aussehen hin gez\u00fcchtet. Dabei wurde der Polyphenolgehalt gezielt reduziert.Klimawandel macht sich bemerkbarDoch die Gesundheit der Menschen ist nur die eine Seite \u2013 die Gesundheit der B\u00e4ume eine andere. Und da macht sich der Klimawandel deutlich bemerkbar. \u201eFr\u00fcher war Bl\u00fctezeit Mitte Mai, heute bl\u00fchen die \u00c4pfel manchmal schon im April. Wenn es dann friert, ist die Ernte verloren\u201c, sagt Detje. Das Gegenmittel hei\u00dft Frostschutzberegnung: Feiner Regen legt sich \u00fcber die Bl\u00fcten und gefriert sofort. Der d\u00fcnne Eispanzer wirkt als W\u00e4rmeschutz und h\u00e4lt die Bl\u00fcte stabil auf null Grad. Doch auch neue Probleme wie Sonnenbrand oder Wassermangel besch\u00e4ftigen die Obstbauern inzwischen.Rezepte und EmpfehlungenW\u00e4hrend die Obstbauern mit den gro\u00dfen Fragen der Zukunft ringen, geht es f\u00fcr die Verbraucherinnen und Verbraucher eher ums Kleine, Konkrete: Welcher Apfel passt wozu? Dirk Detje kennt die Vorlieben und empfiehlt je nach Anlass ganz unterschiedliche Sorten: \u201eF\u00fcr Brat\u00e4pfel empfehle ich den Holsteiner Cox, f\u00fcr gedeckten Apfelkuchen Boskop oder Finkenwerder Herbstprinz.\u201c Auch pur sind viele alte Sorten ein Genuss \u2013 f\u00fcr alle, die Lust haben, jenseits der \u201eEinheits\u00e4pfel\u201c aus dem Supermarkt neue Geschm\u00e4cker zu entdecken.Wer Appetit bekommen hat: Obstbauer Detje und sein Team stehen freitags auf dem Wochenmarkt Schwachhausen (H.-H.-Meier-Allee) und samstags in Verden auf dem Bauernmarkt. Dort gibt es Kindheitserinnerungen zum Reinbei\u00dfen \u2013 direkt vom Baum.<br \/>\nSub-Header &amp; Einf\u00fchrung<br \/>\nno-repeat;left top;;<br \/>\nauto<br \/>\n0px<\/p>\n<p>Bildmaterial zum Download<br \/>\n#ffffff<\/p>\n<p>Das Logo vom Bremer Marktkalender<\/p>\n<p><img decoding=\"async\" data-src=\"https:\/\/newsroom.messe-bremen.de\/wp-content\/uploads\/2025\/04\/WM_Marktkalender_Logo_WM_03.png\" alt=\"\" src=\"data:image\/svg+xml;base64,PHN2ZyB3aWR0aD0iMSIgaGVpZ2h0PSIxIiB4bWxucz0iaHR0cDovL3d3dy53My5vcmcvMjAwMC9zdmciPjwvc3ZnPg==\" class=\"lazyload\" \/><br \/>\n<a href=\"https:\/\/newsroom.messe-bremen.de\/wp-content\/uploads\/2025\/04\/WM_Marktkalender_Logo_WM_03.png\">https:\/\/newsroom.messe-bremen.de\/wp-content\/uploads\/2025\/04\/WM_Marktkalender_Logo_WM_03.png<\/a><br \/>\nDas Logo vom Bremer Marktkalender<\/p>\n<p>Bl\u00fcten des Apfelbaumes<\/p>\n<p><img decoding=\"async\" data-src=\"https:\/\/meine-wochenmaerkte.de\/wp-content\/smush-webp\/IMG-20250715-WA0002_Bluete_Sort-XY.jpg.webp\" alt=\"Nahaufnahme eines Zweigs mit B\u00fcscheln von rosa und wei\u00dfen Apfelbl\u00fcten und roten Bl\u00fctenknospen, umgeben von gr\u00fcnen Bl\u00e4ttern. Im Hintergrund sind weitere Bl\u00fcten und gr\u00fcnes Laub zu sehen.\" width=\"683\" class=\"smush-dimensions lazyload\" style=\"--smush-image-width: 683px; --smush-image-aspect-ratio: 683\/910;\" src=\"data:image\/svg+xml;base64,PHN2ZyB3aWR0aD0iMSIgaGVpZ2h0PSIxIiB4bWxucz0iaHR0cDovL3d3dy53My5vcmcvMjAwMC9zdmciPjwvc3ZnPg==\" data-srcset=\"https:\/\/meine-wochenmaerkte.de\/wp-content\/smush-webp\/IMG-20250715-WA0002_Bluete_Sort-XY.jpg.webp 683w, https:\/\/meine-wochenmaerkte.de\/wp-content\/smush-webp\/IMG-20250715-WA0002_Bluete_Sort-XY-56x75.jpg.webp 56w, https:\/\/meine-wochenmaerkte.de\/wp-content\/smush-webp\/IMG-20250715-WA0002_Bluete_Sort-XY-480x640.jpg.webp 480w\" data-sizes=\"auto\" data-original-sizes=\"(max-width:767px) 480px, 683px\" \/><br \/>\n<a href=\"https:\/\/newsroom.messe-bremen.de\/wp-content\/uploads\/2025\/09\/Sabrina-Tatgenhorst-1-scaled.jpg\">https:\/\/newsroom.messe-bremen.de\/wp-content\/uploads\/2025\/09\/Sabrina-Tatgenhorst-1-scaled.jpg<\/a><br \/>\nBl\u00fcten des Apfelbaums<br \/>\nDie ersten Bl\u00fcten des Apfelbaums bl\u00fchen im Fr\u00fchjahr des Jahres auf.<br \/>\ncustom<br \/>\n225px<\/p>\n<p>\u00a9 Obsthof Detje<\/p>\n<p>Bl\u00fcte mit Eisschicht \u00fcberzogen<\/p>\n<p><img decoding=\"async\" data-src=\"https:\/\/meine-wochenmaerkte.de\/wp-content\/smush-webp\/IMG-20250930-WA0005_gefrorener-Bluetenansatz.jpg.webp\" alt=\"Eine Nahaufnahme eines knospenden Zweigs, der mit Tau oder Reif bedeckt ist und hinter dem die Sonne vor einem klaren blauen Himmel hell scheint. Der Hintergrund ist sanft verschwommen und hebt die leuchtend gr\u00fcnen Bl\u00e4tter und die glitzernden Wassertropfen hervor.\" width=\"958\" class=\"smush-dimensions lazyload\" style=\"--smush-image-width: 958px; --smush-image-aspect-ratio: 958\/719;\" src=\"data:image\/svg+xml;base64,PHN2ZyB3aWR0aD0iMSIgaGVpZ2h0PSIxIiB4bWxucz0iaHR0cDovL3d3dy53My5vcmcvMjAwMC9zdmciPjwvc3ZnPg==\" data-srcset=\"https:\/\/meine-wochenmaerkte.de\/wp-content\/smush-webp\/IMG-20250930-WA0005_gefrorener-Bluetenansatz.jpg.webp 958w, https:\/\/meine-wochenmaerkte.de\/wp-content\/smush-webp\/IMG-20250930-WA0005_gefrorener-Bluetenansatz-100x75.jpg.webp 100w, https:\/\/meine-wochenmaerkte.de\/wp-content\/smush-webp\/IMG-20250930-WA0005_gefrorener-Bluetenansatz-480x360.jpg.webp 480w\" data-sizes=\"auto\" data-original-sizes=\"(max-width:767px) 480px, (max-width:958px) 100vw, 958px\" \/><br \/>\n<a href=\"https:\/\/newsroom.messe-bremen.de\/wp-content\/uploads\/2025\/09\/Suedliche_Weinstrasse_RS6791_Keschde_Uta-Holz-scaled.jpg\">https:\/\/newsroom.messe-bremen.de\/wp-content\/uploads\/2025\/09\/Suedliche_Weinstrasse_RS6791_Keschde_Uta-Holz-scaled.jpg<\/a><br \/>\nBl\u00fcte mit Eisschicht \u00fcberzogen<br \/>\nUm die Bl\u00fcten vor Frost zu sch\u00fctzen, werden sie mit feinem Wassernebel bespr\u00fcht. Die Eisschicht, die sich daraus bildet, wirkt wie ein Puffer.<br \/>\ncustom<br \/>\n225px<\/p>\n<p>\u00a9 Obsthof Detje<\/p>\n<p>Cox Orange am Spalier<\/p>\n<p><img decoding=\"async\" data-src=\"https:\/\/meine-wochenmaerkte.de\/wp-content\/smush-webp\/20250930_144950_Nahaufnahme-2_Sorte-CX.jpg.webp\" alt=\"Eine Traube reifer, roter \u00c4pfel h\u00e4ngt an einem Ast, umgeben von gr\u00fcnen Bl\u00e4ttern unter einem klaren, blauen Himmel - eine idyllische Szene, die an die Saison der Bremer Marktkalender Maronen erinnert.\" width=\"683\" class=\"smush-dimensions lazyload\" style=\"--smush-image-width: 683px; --smush-image-aspect-ratio: 683\/911;\" src=\"data:image\/svg+xml;base64,PHN2ZyB3aWR0aD0iMSIgaGVpZ2h0PSIxIiB4bWxucz0iaHR0cDovL3d3dy53My5vcmcvMjAwMC9zdmciPjwvc3ZnPg==\" data-srcset=\"https:\/\/meine-wochenmaerkte.de\/wp-content\/smush-webp\/20250930_144950_Nahaufnahme-2_Sorte-CX.jpg.webp 683w, https:\/\/meine-wochenmaerkte.de\/wp-content\/smush-webp\/20250930_144950_Nahaufnahme-2_Sorte-CX-56x75.jpg.webp 56w, https:\/\/meine-wochenmaerkte.de\/wp-content\/smush-webp\/20250930_144950_Nahaufnahme-2_Sorte-CX-480x640.jpg.webp 480w\" data-sizes=\"auto\" data-original-sizes=\"(max-width:767px) 480px, 683px\" \/><br \/>\n<a href=\"https:\/\/newsroom.messe-bremen.de\/wp-content\/uploads\/2025\/09\/Maronen-vom-Markt_garten-gg_Pixabay-scaled.jpg\">https:\/\/newsroom.messe-bremen.de\/wp-content\/uploads\/2025\/09\/Maronen-vom-Markt_garten-gg_Pixabay-scaled.jpg<\/a><br \/>\nCox Orange am Spalier<br \/>\nCox Orange ist ein Augen- und ein Gaumenschmaus.<br \/>\ncustom<br \/>\n225px<\/p>\n<p>\u00a9 Obsthof Detje<\/p>\n<p>Reife \u00c4pfel in Kisten<\/p>\n<p><img decoding=\"async\" data-src=\"https:\/\/meine-wochenmaerkte.de\/wp-content\/smush-webp\/20250930_145852_Aepfel-in-Kiste_Sorte-XY.jpg.webp\" alt=\"Gro\u00dfe Kisten aus Holz und gr\u00fcnem Kunststoff, gef\u00fcllt mit roten \u00c4pfeln, sind in einem sonnigen Bereich im Freien gestapelt, wobei im Hintergrund weitere Kisten und ein Gabelstapler zu sehen sind.\" width=\"683\" class=\"smush-dimensions lazyload\" style=\"--smush-image-width: 683px; --smush-image-aspect-ratio: 683\/911;\" src=\"data:image\/svg+xml;base64,PHN2ZyB3aWR0aD0iMSIgaGVpZ2h0PSIxIiB4bWxucz0iaHR0cDovL3d3dy53My5vcmcvMjAwMC9zdmciPjwvc3ZnPg==\" data-srcset=\"https:\/\/meine-wochenmaerkte.de\/wp-content\/smush-webp\/20250930_145852_Aepfel-in-Kiste_Sorte-XY.jpg.webp 683w, https:\/\/meine-wochenmaerkte.de\/wp-content\/smush-webp\/20250930_145852_Aepfel-in-Kiste_Sorte-XY-56x75.jpg.webp 56w, https:\/\/meine-wochenmaerkte.de\/wp-content\/smush-webp\/20250930_145852_Aepfel-in-Kiste_Sorte-XY-480x640.jpg.webp 480w\" data-sizes=\"auto\" data-original-sizes=\"(max-width:767px) 480px, 683px\" \/><br \/>\n<a href=\"https:\/\/newsroom.messe-bremen.de\/wp-content\/uploads\/2025\/09\/Suedliche_Weinstrasse_RS2459_Kastanien_roesten.jpg\">https:\/\/newsroom.messe-bremen.de\/wp-content\/uploads\/2025\/09\/Suedliche_Weinstrasse_RS2459_Kastanien_roesten.jpg<\/a><br \/>\nReife \u00c4pfel in Kisten<br \/>\nDie geernteten \u00c4pfel werden in den Kisten gelagert und f\u00fcr den Verkauf vorbereitet.<br \/>\ncustom<br \/>\n225px<\/p>\n<p>\u00a9 Obsthof Detje<\/p>\n<p>Die Pressefotos d\u00fcrfen nur f\u00fcr redaktionelle Zwecke in Zusammenhang mit Veranstaltungen der M3B GmbH verwendet werden. Die Urheberrechte liegen beim jeweils genannten Fotografen. Nutzungs- und Verwertungsrechte liegen bei der M3B GmbH. Pressefotos, die redaktionell verwendet werden, m\u00fcssen mit der entsprechenden Quellenangabe versehen werden. Abdruck und Ver\u00f6ffentlichung der Pressefotos ist honorarfrei. Wir bitten Printmedien um ein Belegexemplar, elektronische Medien (Internet) um eine kurze Benachrichtigung. F\u00fcr eine gewerbliche Nutzung der Pressefotos bedarf es der vorherigen schriftlichen Zustimmung.<br \/>\n#ffffff<\/p>\n","protected":false},"excerpt":{"rendered":"<p>Marktpate Dirk Detje hat sein Herz vor allem an Ingrid Marie verloren.<\/p>\n","protected":false},"author":8,"featured_media":55844,"comment_status":"closed","ping_status":"closed","sticky":false,"template":"","format":"standard","meta":{"_acf_changed":false,"wpupg_custom_link":[],"wpupg_custom_link_behaviour":["default"],"wpupg_custom_link_nofollow":["default"],"wpupg_custom_image":[],"wpupg_custom_image_id":[],"footnotes":""},"categories":[193,186],"tags":[],"class_list":["post-55842","post","type-post","status-publish","format-standard","has-post-thumbnail","hentry","category-herbst","category-marktkalender"],"acf":[],"aioseo_notices":[],"_links":{"self":[{"href":"https:\/\/meine-wochenmaerkte.de\/api\/wp\/v2\/posts\/55842","targetHints":{"allow":["GET"]}}],"collection":[{"href":"https:\/\/meine-wochenmaerkte.de\/api\/wp\/v2\/posts"}],"about":[{"href":"https:\/\/meine-wochenmaerkte.de\/api\/wp\/v2\/types\/post"}],"author":[{"embeddable":true,"href":"https:\/\/meine-wochenmaerkte.de\/api\/wp\/v2\/users\/8"}],"replies":[{"embeddable":true,"href":"https:\/\/meine-wochenmaerkte.de\/api\/wp\/v2\/comments?post=55842"}],"version-history":[{"count":3,"href":"https:\/\/meine-wochenmaerkte.de\/api\/wp\/v2\/posts\/55842\/revisions"}],"predecessor-version":[{"id":56020,"href":"https:\/\/meine-wochenmaerkte.de\/api\/wp\/v2\/posts\/55842\/revisions\/56020"}],"wp:featuredmedia":[{"embeddable":true,"href":"https:\/\/meine-wochenmaerkte.de\/api\/wp\/v2\/media\/55844"}],"wp:attachment":[{"href":"https:\/\/meine-wochenmaerkte.de\/api\/wp\/v2\/media?parent=55842"}],"wp:term":[{"taxonomy":"category","embeddable":true,"href":"https:\/\/meine-wochenmaerkte.de\/api\/wp\/v2\/categories?post=55842"},{"taxonomy":"post_tag","embeddable":true,"href":"https:\/\/meine-wochenmaerkte.de\/api\/wp\/v2\/tags?post=55842"}],"curies":[{"name":"wp","href":"https:\/\/api.w.org\/{rel}","templated":true}]}}