{"id":56487,"date":"2026-08-31T18:43:36","date_gmt":"2026-08-31T16:43:36","guid":{"rendered":"https:\/\/meine-wochenmaerkte.de\/?p=56487"},"modified":"2026-08-31T18:44:47","modified_gmt":"2026-08-31T16:44:47","slug":"september-rote-gelbe-und-ringelbete","status":"publish","type":"post","link":"https:\/\/meine-wochenmaerkte.de\/september-rote-gelbe-und-ringelbete\/","title":{"rendered":"September: Rote, Gelbe und Ringelbete"},"content":{"rendered":"<p><span class=\"builder2seo\"><\/span><img decoding=\"async\" src=\"https:\/\/meine-wochenmaerkte.de\/wp-content\/uploads\/WM_Marktkalender_Logo_HB-BHV_03.png#55406\" alt=\"Marktkalender\" \/><\/p>\n<p>Bete: bunte Knollen mit Charakter<br \/>#148ea7<\/p>\n<p>Marktpate Andreas Mahlstedt \u00fcber rote Klassiker und milde Sch\u00f6nheiten<br \/>#148ea7<\/p>\n<p>Wer Rote Bete bislang vor allem als vakuumierten roten Ball aus dem Supermarkt kennt, sollte unbedingt auch einmal frische Ware vom Wochenmarkt probieren. Denn Bete kann sehr knackig, sehr mild und sogar gelb oder pink-wei\u00df geringelt daherkommen. Andreas Mahlstedt vom gleichnamigen Hof in Syke baut alle drei Varianten an.Etwa 70 Prozent seiner Anbaufl\u00e4che entfallen auf Rote Bete, jeweils 15 Prozent auf Gelbe Bete und Ringelbete. W\u00e4hrend die rote Variante kr\u00e4ftig und leicht erdig schmeckt, sind ihre helleren Verwandten deutlich milder. Daf\u00fcr haben sie andere Qualit\u00e4ten: \u201eVor allem die Ringelbete ist eine echte Sch\u00f6nheit. Damit kann man G\u00e4ste beeindrucken\u201c, sagt Mahlstedt.Vom Blatt zur R\u00fcbeDie Bete hat eine lange Geschichte. Ihre Vorfahrin ist die wilde Meerr\u00fcbe, aus der im Laufe der Jahrhunderte ganz unterschiedliche Kulturformen hervorgegangen sind \u2013 darunter auch Mangold und Zuckerr\u00fcbe. Interessanterweise nutzten Menschen zun\u00e4chst vor allem die Bl\u00e4tter. Erst sp\u00e4ter wurden Pflanzen mit immer gr\u00f6\u00dferen und fleischigeren Wurzeln gez\u00fcchtet.Ganz verschwunden ist die urspr\u00fcngliche Verwendung bis heute nicht. Auch bei Familie Mahlstedt landet das Gr\u00fcn nicht automatisch auf dem Kompost. \u201eSolange die Bl\u00e4tter frisch und knackig sind, kann man sie prima in den Salat geben oder wie Spinat kochen.\u201cIrgendwann aber r\u00fcckte die R\u00fcbe selbst in den Mittelpunkt. Sp\u00e4testens zu Gro\u00dfmutters Zeiten war Bete dann ein verl\u00e4sslicher Begleiter durch Herbst und Winter: robust, gut lagerf\u00e4hig und lange verf\u00fcgbar. Heute werden aus dem klassischen Gem\u00fcse knusprige Chips, bunte Bowls, cremige Aufstriche und leuchtend pinke Pastasaucen. Bei der sogenannten Pink Pasta wird gegarte oder ger\u00f6stete Rote Bete meist mit Feta, Frischk\u00e4se oder Ricotta zu einer cremigen Sauce p\u00fcriert. Das Ergebnis sieht fast k\u00fcnstlich aus \u2013 die intensive Farbe stammt aber aus der Knolle selbst.Andreas Mahlstedt selbst geh\u00f6rt eher zur klassischen Fraktion. Er kocht die Rote Bete, sch\u00e4lt sie anschlie\u00dfend und macht daraus einen Salat mit Schafsk\u00e4se, Fr\u00fchlingszwiebeln und Feldsalat oder Rucola. Seine Schwester bevorzugt dagegen Ringelbete roh.<br \/>no-repeat;left top;;<br \/>auto<br \/>0px<\/p>\n<p><img decoding=\"async\" src=\"https:\/\/meine-wochenmaerkte.de\/wp-content\/uploads\/Andreas-Mahlstedt_beschnitten_Katrin-Mahlstedt.jpeg#56488\" alt=\"Ein Verk\u00e4ufer (Andreas Mahlstedt) in einem schwarzen Hemd steht an einem Marktstand im Freien und h\u00e4lt ein B\u00fcndel frischer Rote Bete in der Hand. Auf dem Tisch neben ihm liegen verschiedene Gem\u00fcsesorten, darunter Salat und Kartoffeln.\" \/><br \/>Andreas Mahlstedt steht an seinem Stand mit einem Bund bunter Bete.<br \/>Jetzt haben Bete Hochsaison \u2013 und der Stand von Hof Mahlstedt ist gut best\u00fcckt.<\/p>\n<p><img decoding=\"async\" src=\"https:\/\/meine-wochenmaerkte.de\/wp-content\/uploads\/ganze-bunte-Bete_Katrin-Mahlstedt-scaled.jpg#56489\" alt=\"Drei frisch geerntete Rote Bete \u2013 eine rote, eine orangefarbene und eine violette \u2013, an denen noch Erde haftet, liegen auf dem Boden.\" \/><br \/>Rote, Gelbe und Ringelbete liegen auf dem Feld nebeneinander<br \/>Wem der erdige Geschmack der Roten Bete zu viel ist, sollte unbedingt mal die deutliche milderen Gelbe Bete oder Ringelbete probieren.<\/p>\n<p>Pflegeleicht \u2013 aber bitte ohne FrostAuf dem Hof Mahlstedt beginnt die Pflanzzeit, wenn das Wetter mitspielt, in der zweiten M\u00e4rzh\u00e4lfte. Dann kommen die ersten Bete-Samen in die Erde, eine zweite Anpflanzung folgt in der ersten Maih\u00e4lfte. Die Pflanzen brauchen ausreichend Abstand, damit sich ihr Laub ausbreiten kann und gut bel\u00fcftet wird. \u201eAnsonsten ist die Bete vergleichsweise gen\u00fcgsam\u201c, sagt Mahlstedt. \u201eNur Frost bekommt ihr \u00fcberhaupt nicht.\u201cBei der Ernte k\u00f6nnen sich die Mahlstedts Zeit lassen. Die ersten Beten werden im Juli und August aus dem Boden geholt, die zweite Ernte erfolgt im September und Oktober. Einen einzigen perfekten Erntetag gibt es nicht. \u201eWenn wir denken, dass sie dick genug sind, kommen sie raus.\u201c F\u00fcnf bis sieben Zentimeter Durchmesser findet Mahlstedt ideal.Andere sind gerade auf der Suche nach gr\u00f6\u00dferen Betekugeln. Vor allem Kundinnen und Kunden aus der Ukraine fragen auf dem Markt gezielt danach. Dort spielt das Gem\u00fcse traditionell eine gr\u00f6\u00dfere Rolle in der K\u00fcche \u2013 vor allem f\u00fcr das Nationalgericht Borschtsch, einem deftigen Eintopf mit Kohl und Kartoffeln \u2013 entsprechend h\u00f6her ist der Verbrauch. Und wer gro\u00dfe Mengen verarbeitet, m\u00f6chte schlie\u00dflich nicht den halben Tag mit Sch\u00e4len verbringen.Apropos sch\u00e4len: Wer sich vor roten H\u00e4nden und einer K\u00fcche im Tatort-Look f\u00fcrchtet, bekommt vom Profi einen einfachen Rat: Handschuhe anziehen und die R\u00fcben erst nach dem Kochen oder Backen sch\u00e4len. Im gegarten Zustand tritt deutlich weniger roter Saft aus.Und wer gleich einen ganzen Bund gekauft hat, wickelt ihn am besten in ein feuchtes Handtuch und legt ihn ins Gem\u00fcsefach. Mit Gr\u00fcn h\u00e4lt sich die Bete dort etwa eine Woche, ohne Gr\u00fcn deutlich l\u00e4nger. Auf dem Hof selbst lagern die R\u00fcben traditionell in Erdmieten: mit Sand und Erde bedeckt, damit sie k\u00fchl bleiben und m\u00f6glichst wenig Feuchtigkeit verlieren.<br \/>Sub-Header &amp; Einf\u00fchrung<br \/>no-repeat;left top;;<br \/>auto<br \/>0px<\/p>\n<p>Warum Bete auch Sportler interessiertIhre intensive Farbe verdankt Rote Bete sogenannten Betalainen. Dar\u00fcber hinaus enth\u00e4lt sie unter anderem Folat, Kalium, Ballaststoffe und vergleichsweise viel nat\u00fcrliches Nitrat.Gerade dieses Nitrat besch\u00e4ftigt die Forschung. Im K\u00f6rper kann daraus Stickstoffmonoxid entstehen, das die Blutgef\u00e4\u00dfe erweitert und die Durchblutung verbessert. Studien mit Rote-Bete-Saft zeigen unter anderem Effekte auf den Blutdruck und auf die k\u00f6rperliche Leistungsf\u00e4higkeit. Ganze Bete hat gegen\u00fcber Saft allerdings einen zus\u00e4tzlichen Vorteil: Ihre Ballaststoffe bleiben erhalten.Beim Kochen in viel Wasser kann ein Teil des Nitrats ins Kochwasser \u00fcbergehen. Wer m\u00f6glichst viel davon erhalten m\u00f6chte, kann Bete deshalb d\u00e4mpfen, im Ofen garen oder roh verwenden.Nicht erschrecken!Eine Wirkung der Roten Bete kann allerdings v\u00f6llig unerwartet kommen: Bei manchen Menschen f\u00e4rben ihre roten Pflanzenfarbstoffe nach dem Essen oder nach einem Glas Rote-Bete-Saft den Urin rosa bis kr\u00e4ftig rot. Auch der Stuhl kann sich verf\u00e4rben. Das Ph\u00e4nomen hei\u00dft Beeturie und ist in diesem Zusammenhang harmlos \u2013 kann aber ausgesprochen beeindruckend aussehen, wenn man nicht wei\u00df, woher die Farbe kommt.Und falls jemand trotz all dieser Argumente behauptet, Rote Bete grunds\u00e4tzlich nicht zu m\u00f6gen? Andreas Mahlstedt kennt auch daf\u00fcr eine Strategie: \u201eDa jubeln wir ihm einfach eine Ringelbete unter.\u201cAndreas Mahlstedt und sein Team sind von Montag bis Samstag auf dem Delmemarkt zu finden:Bremen-Neustadt (Delmestra\u00dfe): Montag bis Freitag von 8 bis 13 Uhr, samstags von 8 bis 14 Uhr<br \/>Sub-Header &amp; Einf\u00fchrung<br \/>no-repeat;left top;;<br \/>auto<br \/>0px<\/p>\n<p><img decoding=\"async\" src=\"https:\/\/meine-wochenmaerkte.de\/wp-content\/uploads\/aufgeschnittene-bunte-Bete_Katrin-Mahlstedt-scaled.jpg#56491\" alt=\"Bunte Rote-Bete-H\u00e4lften (rot, gelb und gestreift) liegen auf der Erde und zeigen ihre leuchtenden Muster und Wurzeln.\" \/><br \/>Aufgeschnittene bunte Bete liegen auf dem Feld<br \/>Bete werten viele (herbstliche) Gerichte auf \u2013 nicht nur geschmacklich, sondern auch optisch.<\/p>\n<p>REZEPT:Pink Pasta mit Roter Bete und Feta(F\u00fcr 2 Personen)Zutaten:250 g Pasta2 mittelgro\u00dfe Rote Bete100 g Feta100 g Frischk\u00e4se1 kleine KnoblauchzeheSaft einer halben Zitrone2 EL Oliven\u00f6lSalz und Pfefferetwas NudelwasserRucola und\/oder Waln\u00fcsse zum Servieren\u00a0Zubereitung:Die frischen Rote Bete bei 200 \u00b0C etwa 50 Minuten im Ofen garen, anschlie\u00dfend etwas abk\u00fchlen lassen, sch\u00e4len und w\u00fcrfeln. Pasta in Salzwasser bissfest kochen und dabei eine Tasse Nudelwasser auffangen. Rote Bete mit etwa 70 g Feta, dem Frischk\u00e4se, Knoblauch, Zitronensaft und Oliven\u00f6l fein p\u00fcrieren. Mit Salz und Pfeffer abschmecken.Die Sauce mit etwas Nudelwasser glatt und cremig r\u00fchren, mit der hei\u00dfen Pasta vermengen und nur kurz erw\u00e4rmen. Auf Teller verteilen und den \u00fcbrigen Feta dar\u00fcber br\u00f6seln. Wer mag, gibt noch Rucola und gehackte Waln\u00fcsse dazu.Mit vorgegarter, vakuumierter Rote Bete funktioniert dieses Rezept nat\u00fcrlich auch, der N\u00e4hrstoffgehalt ist allerdings ein anderer.<\/p>\n<p><img decoding=\"async\" src=\"https:\/\/meine-wochenmaerkte.de\/wp-content\/uploads\/Pink-Pasta_KI-generiert.png#56490\" alt=\"Ein Teller mit Rote-Bete-Nudeln, garniert mit zerbr\u00f6ckeltem K\u00e4se, Waln\u00fcssen und Rucola-Bl\u00e4ttern, im Hintergrund eine kleine Schale mit Waln\u00fcssen.\" \/><br \/>Ein Teller mit rosa gef\u00e4rbter Pasta<br \/>Macht optisch ordentlich was her \u2013 und ist auch geschmacklich mal etwas ganz anderes: Pink Pasta.<br \/>custom<br \/>450px<\/p>\n<p>Bildmaterial zum Download<br \/>#ffffff<\/p>\n<p>Das Logo vom Bremer Marktkalender<\/p>\n<p><img decoding=\"async\" src=\"https:\/\/newsroom.messe-bremen.de\/wp-content\/uploads\/2025\/04\/WM_Marktkalender_Logo_WM_03.png\" alt=\"\" \/><br \/><a href=\"https:\/\/newsroom.messe-bremen.de\/wp-content\/uploads\/2025\/04\/WM_Marktkalender_Logo_WM_03.png\">https:\/\/newsroom.messe-bremen.de\/wp-content\/uploads\/2025\/04\/WM_Marktkalender_Logo_WM_03.png<\/a><br \/>Das Logo vom Bremer Marktkalender<\/p>\n<p>Marktpate Andreas Mahlstedt vom gleichnamigen Hof aus Syke.<\/p>\n<p><img decoding=\"async\" src=\"https:\/\/meine-wochenmaerkte.de\/wp-content\/uploads\/Andreas-Mahlstedt_beschnitten_Katrin-Mahlstedt.jpeg#56488\" alt=\"Ein Verk\u00e4ufer (Andreas Mahlstedt) in einem schwarzen Hemd steht an einem Marktstand im Freien und h\u00e4lt ein B\u00fcndel frischer Rote Bete in der Hand. Auf dem Tisch neben ihm liegen verschiedene Gem\u00fcsesorten, darunter Salat und Kartoffeln.\" \/><br \/><a href=\"https:\/\/newsroom.messe-bremen.de\/wp-content\/uploads\/2026\/08\/Andreas-Mahlstedt_beschnitten_Katrin-Mahlstedt.jpeg\">https:\/\/newsroom.messe-bremen.de\/wp-content\/uploads\/2026\/08\/Andreas-Mahlstedt_beschnitten_Katrin-Mahlstedt.jpeg<\/a><br \/>Marktpate Andreas Mahlstedt mit einem gro\u00dfen Bund bunter Bete.<br \/>Andreas Mahlstedt hat in der Bete-Saison alle H\u00e4nde voll zu tun.<br \/>custom<br \/>225px<\/p>\n<p>\u00a9 M3B GmbH \/ Katrin Mahlstedt<\/p>\n<p>Bunte Bete auf dem Feld<\/p>\n<p><img decoding=\"async\" src=\"https:\/\/meine-wochenmaerkte.de\/wp-content\/uploads\/ganze-bunte-Bete_Katrin-Mahlstedt-scaled.jpg#56489\" alt=\"Drei frisch geerntete Rote Bete \u2013 eine rote, eine orangefarbene und eine violette \u2013, an denen noch Erde haftet, liegen auf dem Boden.\" \/><br \/><a href=\"https:\/\/newsroom.messe-bremen.de\/wp-content\/uploads\/2026\/08\/ganze-bunte-Bete_Katrin-Mahlstedt-scaled.jpg\">https:\/\/newsroom.messe-bremen.de\/wp-content\/uploads\/2026\/08\/ganze-bunte-Bete_Katrin-Mahlstedt-scaled.jpg<\/a><br \/>Bunte Bete auf dem Feld<br \/>Wem der erdige Geschmack der Roten Bete zu viel ist, sollte unbedingt mal die deutliche milderen Gelbe Bete oder Ringelbete probieren.<br \/>custom<br \/>225px<\/p>\n<p>\u00a9 M3B GmbH \/ Katrin Mahlstedt<\/p>\n<p>Aufgeschnittene bunte Bete<\/p>\n<p><img decoding=\"async\" src=\"https:\/\/meine-wochenmaerkte.de\/wp-content\/uploads\/aufgeschnittene-bunte-Bete_Katrin-Mahlstedt-scaled.jpg#56491\" alt=\"Bunte Rote-Bete-H\u00e4lften (rot, gelb und gestreift) liegen auf der Erde und zeigen ihre leuchtenden Muster und Wurzeln.\" \/><br \/><a href=\"https:\/\/newsroom.messe-bremen.de\/wp-content\/uploads\/2026\/08\/aufgeschnittene-bunte-Bete_Katrin-Mahlstedt-scaled.jpg\">https:\/\/newsroom.messe-bremen.de\/wp-content\/uploads\/2026\/08\/aufgeschnittene-bunte-Bete_Katrin-Mahlstedt-scaled.jpg<\/a><br \/>Bunte, aufgeschnittene Bete<br \/>Bete werten jedes Gericht auf \u2013 nicht nur geschmacklich, sondern auch optisch.<br \/>custom<br \/>225px<\/p>\n<p>\u00a9 M3B GmbH \/ Katrin Mahlstedt<\/p>\n<p>Rezeptbild \u201ePink Pasta\\&#8220;<\/p>\n<p><img decoding=\"async\" src=\"https:\/\/meine-wochenmaerkte.de\/wp-content\/uploads\/Pink-Pasta_KI-generiert.png#56490\" alt=\"Ein Teller mit Rote-Bete-Nudeln, garniert mit zerbr\u00f6ckeltem K\u00e4se, Waln\u00fcssen und Rucola-Bl\u00e4ttern, im Hintergrund eine kleine Schale mit Waln\u00fcssen.\" \/><br \/><a href=\"https:\/\/newsroom.messe-bremen.de\/wp-content\/uploads\/2026\/08\/Pink-Pasta_KI-generiert.png\">https:\/\/newsroom.messe-bremen.de\/wp-content\/uploads\/2026\/08\/Pink-Pasta_KI-generiert.png<\/a><br \/>Ein Teller mit rosa gef\u00e4rbten Nudeln<br \/>Macht optisch ordentlich was her \u2013 und ist auch geschmacklich mal etwas ganz anderes: Pink Pasta.<br \/>custom<br \/>225px<\/p>\n<p>\u00a9 M3B GmbH \/ KI-generiert<\/p>\n<p><span>Die Pressefotos d\u00fcrfen nur f\u00fcr redaktionelle Zwecke in Zusammenhang mit Veranstaltungen der M3B GmbH verwendet werden. Die Urheberrechte liegen beim jeweils genannten Fotografen. Nutzungs- und Verwertungsrechte liegen bei der M3B GmbH. Pressefotos, die redaktionell verwendet werden, m\u00fcssen mit der entsprechenden Quellenangabe versehen werden. Abdruck und Ver\u00f6ffentlichung der Pressefotos ist honorarfrei. Wir bitten Printmedien um ein Belegexemplar, elektronische Medien (Internet) um eine kurze Benachrichtigung. F\u00fcr eine gewerbliche Nutzung der Pressefotos bedarf es der vorherigen schriftlichen Zustimmung.<\/span><br \/>#ffffff<\/p>\n","protected":false},"excerpt":{"rendered":"<p>Marktpate Andreas Mahlstedt macht auch Skeptikern Lust auf bunte Bete.<\/p>\n","protected":false},"author":7,"featured_media":56489,"comment_status":"closed","ping_status":"closed","sticky":false,"template":"","format":"standard","meta":{"_acf_changed":false,"wpupg_custom_link":[],"wpupg_custom_link_behaviour":["default"],"wpupg_custom_link_nofollow":["default"],"wpupg_custom_image":[],"wpupg_custom_image_id":[],"footnotes":""},"categories":[193,186],"tags":[206,217,218,216,215],"class_list":["post-56487","post","type-post","status-publish","format-standard","has-post-thumbnail","hentry","category-herbst","category-marktkalender","tag-bremer-marktkalender","tag-gelbe-bete","tag-ringelbete","tag-rote-bete","tag-september-2026"],"acf":[],"aioseo_notices":[],"aioseo_head":"\n\t\t<!-- All in One SEO 5.0.1.1 - aioseo.com -->\n\t<meta name=\"description\" content=\"Marktpate Andreas Mahlstedt macht auch Skeptikern Lust auf bunte Bete.\" \/>\n\t<meta name=\"robots\" content=\"max-image-preview:large\" \/>\n\t<meta name=\"author\" content=\"witte\"\/>\n\t<meta name=\"google-site-verification\" content=\"D5XrecukaGs7MzdQT6rxmgQ_Q2e2nSCDwjmqsAtmnfU\" \/>\n\t<link rel=\"canonical\" href=\"https:\/\/meine-wochenmaerkte.de\/september-rote-gelbe-und-ringelbete\/\" \/>\n\t<meta name=\"generator\" content=\"All in One SEO (AIOSEO) 5.0.1.1\" \/>\n\t\t<meta property=\"og:locale\" content=\"de_DE\" \/>\n\t\t<meta property=\"og:site_name\" content=\"Wochenm\u00e4rkte Bremen &amp; Bremerhaven - Die Wochenm\u00e4rkte im Land Bremen\" \/>\n\t\t<meta property=\"og:type\" content=\"article\" \/>\n\t\t<meta property=\"og:title\" content=\"September: Rote, Gelbe und Ringelbete - Wochenm\u00e4rkte Bremen &amp; Bremerhaven\" \/>\n\t\t<meta property=\"og:description\" content=\"Marktpate Andreas Mahlstedt macht auch Skeptikern Lust auf bunte Bete.\" \/>\n\t\t<meta property=\"og:url\" content=\"https:\/\/meine-wochenmaerkte.de\/september-rote-gelbe-und-ringelbete\/\" \/>\n\t\t<meta property=\"og:image\" content=\"https:\/\/meine-wochenmaerkte.de\/wp-content\/uploads\/ganze-bunte-Bete_Katrin-Mahlstedt-scaled.jpg\" \/>\n\t\t<meta property=\"og:image:secure_url\" content=\"https:\/\/meine-wochenmaerkte.de\/wp-content\/uploads\/ganze-bunte-Bete_Katrin-Mahlstedt-scaled.jpg\" \/>\n\t\t<meta property=\"og:image:width\" content=\"1920\" \/>\n\t\t<meta property=\"og:image:height\" content=\"2560\" \/>\n\t\t<meta property=\"article:published_time\" content=\"2026-08-31T16:43:36+00:00\" \/>\n\t\t<meta property=\"article:modified_time\" content=\"2026-08-31T16:44:47+00:00\" \/>\n\t\t<meta property=\"article:publisher\" content=\"https:\/\/www.facebook.com\/bremens.wochenmaerkte\/\" \/>\n\t\t<meta name=\"twitter:card\" content=\"summary_large_image\" \/>\n\t\t<meta name=\"twitter:title\" content=\"September: Rote, Gelbe und Ringelbete - Wochenm\u00e4rkte Bremen &amp; Bremerhaven\" \/>\n\t\t<meta name=\"twitter:description\" content=\"Marktpate Andreas Mahlstedt macht auch Skeptikern Lust auf bunte Bete.\" \/>\n\t\t<meta name=\"twitter:image\" content=\"https:\/\/meine-wochenmaerkte.de\/wp-content\/uploads\/ganze-bunte-Bete_Katrin-Mahlstedt-scaled.jpg\" \/>\n\t\t<script type=\"application\/ld+json\" class=\"aioseo-schema\">\n\t\t\t{\"@context\":\"https:\\\/\\\/schema.org\",\"@graph\":[{\"@type\":\"BlogPosting\",\"@id\":\"https:\\\/\\\/meine-wochenmaerkte.de\\\/september-rote-gelbe-und-ringelbete\\\/#blogposting\",\"name\":\"September: Rote, Gelbe und Ringelbete - Wochenm\\u00e4rkte Bremen & Bremerhaven\",\"headline\":\"September: Rote, Gelbe und Ringelbete\",\"author\":{\"@id\":\"https:\\\/\\\/meine-wochenmaerkte.de\\\/author\\\/witte\\\/#author\"},\"publisher\":{\"@id\":\"https:\\\/\\\/meine-wochenmaerkte.de\\\/#organization\"},\"image\":{\"@type\":\"ImageObject\",\"url\":\"https:\\\/\\\/meine-wochenmaerkte.de\\\/wp-content\\\/uploads\\\/ganze-bunte-Bete_Katrin-Mahlstedt-scaled.jpg\",\"width\":1920,\"height\":2560,\"caption\":\"Bremer Marktkalender September 2026\"},\"datePublished\":\"2026-08-31T18:43:36+02:00\",\"dateModified\":\"2026-08-31T18:44:47+02:00\",\"inLanguage\":\"de-DE\",\"mainEntityOfPage\":{\"@id\":\"https:\\\/\\\/meine-wochenmaerkte.de\\\/september-rote-gelbe-und-ringelbete\\\/#webpage\"},\"isPartOf\":{\"@id\":\"https:\\\/\\\/meine-wochenmaerkte.de\\\/september-rote-gelbe-und-ringelbete\\\/#webpage\"},\"articleSection\":\"Herbst, Marktkalender, Bremer Marktkalender, Gelbe Bete, Ringelbete, Rote Bete, September 2026\"},{\"@type\":\"BreadcrumbList\",\"@id\":\"https:\\\/\\\/meine-wochenmaerkte.de\\\/september-rote-gelbe-und-ringelbete\\\/#breadcrumblist\",\"itemListElement\":[{\"@type\":\"ListItem\",\"@id\":\"https:\\\/\\\/meine-wochenmaerkte.de#listItem\",\"position\":1,\"name\":\"Home\",\"item\":\"https:\\\/\\\/meine-wochenmaerkte.de\",\"nextItem\":{\"@type\":\"ListItem\",\"@id\":\"https:\\\/\\\/meine-wochenmaerkte.de\\\/category\\\/marktkalender\\\/#listItem\",\"name\":\"Marktkalender\"}},{\"@type\":\"ListItem\",\"@id\":\"https:\\\/\\\/meine-wochenmaerkte.de\\\/category\\\/marktkalender\\\/#listItem\",\"position\":2,\"name\":\"Marktkalender\",\"item\":\"https:\\\/\\\/meine-wochenmaerkte.de\\\/category\\\/marktkalender\\\/\",\"nextItem\":{\"@type\":\"ListItem\",\"@id\":\"https:\\\/\\\/meine-wochenmaerkte.de\\\/category\\\/marktkalender\\\/herbst\\\/#listItem\",\"name\":\"Herbst\"},\"previousItem\":{\"@type\":\"ListItem\",\"@id\":\"https:\\\/\\\/meine-wochenmaerkte.de#listItem\",\"name\":\"Home\"}},{\"@type\":\"ListItem\",\"@id\":\"https:\\\/\\\/meine-wochenmaerkte.de\\\/category\\\/marktkalender\\\/herbst\\\/#listItem\",\"position\":3,\"name\":\"Herbst\",\"item\":\"https:\\\/\\\/meine-wochenmaerkte.de\\\/category\\\/marktkalender\\\/herbst\\\/\",\"nextItem\":{\"@type\":\"ListItem\",\"@id\":\"https:\\\/\\\/meine-wochenmaerkte.de\\\/september-rote-gelbe-und-ringelbete\\\/#listItem\",\"name\":\"September: Rote, Gelbe und Ringelbete\"},\"previousItem\":{\"@type\":\"ListItem\",\"@id\":\"https:\\\/\\\/meine-wochenmaerkte.de\\\/category\\\/marktkalender\\\/#listItem\",\"name\":\"Marktkalender\"}},{\"@type\":\"ListItem\",\"@id\":\"https:\\\/\\\/meine-wochenmaerkte.de\\\/september-rote-gelbe-und-ringelbete\\\/#listItem\",\"position\":4,\"name\":\"September: Rote, Gelbe und Ringelbete\",\"previousItem\":{\"@type\":\"ListItem\",\"@id\":\"https:\\\/\\\/meine-wochenmaerkte.de\\\/category\\\/marktkalender\\\/herbst\\\/#listItem\",\"name\":\"Herbst\"}}]},{\"@type\":\"Organization\",\"@id\":\"https:\\\/\\\/meine-wochenmaerkte.de\\\/#organization\",\"name\":\"Wochenm\\u00e4rkte Bremen & Bremerhaven\",\"description\":\"Die Wochenm\\u00e4rkte im Land Bremen\",\"url\":\"https:\\\/\\\/meine-wochenmaerkte.de\\\/\",\"email\":\"kontakt@meine-wochenmaerkte.de\",\"telephone\":\"+494215368212\",\"logo\":{\"@type\":\"ImageObject\",\"url\":\"https:\\\/\\\/meine-wochenmaerkte.de\\\/wp-content\\\/uploads\\\/2022\\\/01\\\/WM_Logos_04RZ_WM-Logo-Bremen-Bremerhaven.png\",\"@id\":\"https:\\\/\\\/meine-wochenmaerkte.de\\\/september-rote-gelbe-und-ringelbete\\\/#organizationLogo\",\"width\":401,\"height\":350},\"image\":{\"@id\":\"https:\\\/\\\/meine-wochenmaerkte.de\\\/september-rote-gelbe-und-ringelbete\\\/#organizationLogo\"},\"sameAs\":[\"https:\\\/\\\/www.facebook.com\\\/bremens.wochenmaerkte\\\/\",\"https:\\\/\\\/www.instagram.com\\\/bremens_wochenmaerkte\\\/\"]},{\"@type\":\"Person\",\"@id\":\"https:\\\/\\\/meine-wochenmaerkte.de\\\/author\\\/witte\\\/#author\",\"url\":\"https:\\\/\\\/meine-wochenmaerkte.de\\\/author\\\/witte\\\/\",\"name\":\"witte\"},{\"@type\":\"WebPage\",\"@id\":\"https:\\\/\\\/meine-wochenmaerkte.de\\\/september-rote-gelbe-und-ringelbete\\\/#webpage\",\"url\":\"https:\\\/\\\/meine-wochenmaerkte.de\\\/september-rote-gelbe-und-ringelbete\\\/\",\"name\":\"September: Rote, Gelbe und Ringelbete - Wochenm\\u00e4rkte Bremen & Bremerhaven\",\"description\":\"Marktpate Andreas Mahlstedt macht auch Skeptikern Lust auf bunte Bete.\",\"inLanguage\":\"de-DE\",\"isPartOf\":{\"@id\":\"https:\\\/\\\/meine-wochenmaerkte.de\\\/#website\"},\"breadcrumb\":{\"@id\":\"https:\\\/\\\/meine-wochenmaerkte.de\\\/september-rote-gelbe-und-ringelbete\\\/#breadcrumblist\"},\"author\":{\"@id\":\"https:\\\/\\\/meine-wochenmaerkte.de\\\/author\\\/witte\\\/#author\"},\"creator\":{\"@id\":\"https:\\\/\\\/meine-wochenmaerkte.de\\\/author\\\/witte\\\/#author\"},\"image\":{\"@type\":\"ImageObject\",\"url\":\"https:\\\/\\\/meine-wochenmaerkte.de\\\/wp-content\\\/uploads\\\/ganze-bunte-Bete_Katrin-Mahlstedt-scaled.jpg\",\"@id\":\"https:\\\/\\\/meine-wochenmaerkte.de\\\/september-rote-gelbe-und-ringelbete\\\/#mainImage\",\"width\":1920,\"height\":2560,\"caption\":\"Bremer Marktkalender September 2026\"},\"primaryImageOfPage\":{\"@id\":\"https:\\\/\\\/meine-wochenmaerkte.de\\\/september-rote-gelbe-und-ringelbete\\\/#mainImage\"},\"datePublished\":\"2026-08-31T18:43:36+02:00\",\"dateModified\":\"2026-08-31T18:44:47+02:00\"},{\"@type\":\"WebSite\",\"@id\":\"https:\\\/\\\/meine-wochenmaerkte.de\\\/#website\",\"url\":\"https:\\\/\\\/meine-wochenmaerkte.de\\\/\",\"name\":\"Wochenm\\u00e4rkte Bremen & Bremerhaven\",\"description\":\"Die Wochenm\\u00e4rkte im Land Bremen\",\"inLanguage\":\"de-DE\",\"publisher\":{\"@id\":\"https:\\\/\\\/meine-wochenmaerkte.de\\\/#organization\"}}]}\n\t\t<\/script>\n\t\t<!-- All in One SEO -->\n\n","aioseo_head_json":{"title":"September: Rote, Gelbe und Ringelbete - Wochenm\u00e4rkte Bremen & Bremerhaven","description":"Marktpate Andreas Mahlstedt macht auch Skeptikern Lust auf bunte Bete.","canonical_url":"https:\/\/meine-wochenmaerkte.de\/september-rote-gelbe-und-ringelbete\/","robots":"max-image-preview:large","keywords":"","webmasterTools":{"google-site-verification":"D5XrecukaGs7MzdQT6rxmgQ_Q2e2nSCDwjmqsAtmnfU","miscellaneous":""},"schema":{"@context":"https:\/\/schema.org","@graph":[{"@type":"BlogPosting","@id":"https:\/\/meine-wochenmaerkte.de\/september-rote-gelbe-und-ringelbete\/#blogposting","name":"September: Rote, Gelbe und Ringelbete - Wochenm\u00e4rkte Bremen & Bremerhaven","headline":"September: Rote, Gelbe und Ringelbete","author":{"@id":"https:\/\/meine-wochenmaerkte.de\/author\/witte\/#author"},"publisher":{"@id":"https:\/\/meine-wochenmaerkte.de\/#organization"},"image":{"@type":"ImageObject","url":"https:\/\/meine-wochenmaerkte.de\/wp-content\/uploads\/ganze-bunte-Bete_Katrin-Mahlstedt-scaled.jpg","width":1920,"height":2560,"caption":"Bremer Marktkalender September 2026"},"datePublished":"2026-08-31T18:43:36+02:00","dateModified":"2026-08-31T18:44:47+02:00","inLanguage":"de-DE","mainEntityOfPage":{"@id":"https:\/\/meine-wochenmaerkte.de\/september-rote-gelbe-und-ringelbete\/#webpage"},"isPartOf":{"@id":"https:\/\/meine-wochenmaerkte.de\/september-rote-gelbe-und-ringelbete\/#webpage"},"articleSection":"Herbst, Marktkalender, Bremer Marktkalender, Gelbe Bete, Ringelbete, Rote Bete, September 2026"},{"@type":"BreadcrumbList","@id":"https:\/\/meine-wochenmaerkte.de\/september-rote-gelbe-und-ringelbete\/#breadcrumblist","itemListElement":[{"@type":"ListItem","@id":"https:\/\/meine-wochenmaerkte.de#listItem","position":1,"name":"Home","item":"https:\/\/meine-wochenmaerkte.de","nextItem":{"@type":"ListItem","@id":"https:\/\/meine-wochenmaerkte.de\/category\/marktkalender\/#listItem","name":"Marktkalender"}},{"@type":"ListItem","@id":"https:\/\/meine-wochenmaerkte.de\/category\/marktkalender\/#listItem","position":2,"name":"Marktkalender","item":"https:\/\/meine-wochenmaerkte.de\/category\/marktkalender\/","nextItem":{"@type":"ListItem","@id":"https:\/\/meine-wochenmaerkte.de\/category\/marktkalender\/herbst\/#listItem","name":"Herbst"},"previousItem":{"@type":"ListItem","@id":"https:\/\/meine-wochenmaerkte.de#listItem","name":"Home"}},{"@type":"ListItem","@id":"https:\/\/meine-wochenmaerkte.de\/category\/marktkalender\/herbst\/#listItem","position":3,"name":"Herbst","item":"https:\/\/meine-wochenmaerkte.de\/category\/marktkalender\/herbst\/","nextItem":{"@type":"ListItem","@id":"https:\/\/meine-wochenmaerkte.de\/september-rote-gelbe-und-ringelbete\/#listItem","name":"September: Rote, Gelbe und Ringelbete"},"previousItem":{"@type":"ListItem","@id":"https:\/\/meine-wochenmaerkte.de\/category\/marktkalender\/#listItem","name":"Marktkalender"}},{"@type":"ListItem","@id":"https:\/\/meine-wochenmaerkte.de\/september-rote-gelbe-und-ringelbete\/#listItem","position":4,"name":"September: Rote, Gelbe und Ringelbete","previousItem":{"@type":"ListItem","@id":"https:\/\/meine-wochenmaerkte.de\/category\/marktkalender\/herbst\/#listItem","name":"Herbst"}}]},{"@type":"Organization","@id":"https:\/\/meine-wochenmaerkte.de\/#organization","name":"Wochenm\u00e4rkte Bremen & Bremerhaven","description":"Die Wochenm\u00e4rkte im Land Bremen","url":"https:\/\/meine-wochenmaerkte.de\/","email":"kontakt@meine-wochenmaerkte.de","telephone":"+494215368212","logo":{"@type":"ImageObject","url":"https:\/\/meine-wochenmaerkte.de\/wp-content\/uploads\/2022\/01\/WM_Logos_04RZ_WM-Logo-Bremen-Bremerhaven.png","@id":"https:\/\/meine-wochenmaerkte.de\/september-rote-gelbe-und-ringelbete\/#organizationLogo","width":401,"height":350},"image":{"@id":"https:\/\/meine-wochenmaerkte.de\/september-rote-gelbe-und-ringelbete\/#organizationLogo"},"sameAs":["https:\/\/www.facebook.com\/bremens.wochenmaerkte\/","https:\/\/www.instagram.com\/bremens_wochenmaerkte\/"]},{"@type":"Person","@id":"https:\/\/meine-wochenmaerkte.de\/author\/witte\/#author","url":"https:\/\/meine-wochenmaerkte.de\/author\/witte\/","name":"witte"},{"@type":"WebPage","@id":"https:\/\/meine-wochenmaerkte.de\/september-rote-gelbe-und-ringelbete\/#webpage","url":"https:\/\/meine-wochenmaerkte.de\/september-rote-gelbe-und-ringelbete\/","name":"September: Rote, Gelbe und Ringelbete - Wochenm\u00e4rkte Bremen & Bremerhaven","description":"Marktpate Andreas Mahlstedt macht auch Skeptikern Lust auf bunte Bete.","inLanguage":"de-DE","isPartOf":{"@id":"https:\/\/meine-wochenmaerkte.de\/#website"},"breadcrumb":{"@id":"https:\/\/meine-wochenmaerkte.de\/september-rote-gelbe-und-ringelbete\/#breadcrumblist"},"author":{"@id":"https:\/\/meine-wochenmaerkte.de\/author\/witte\/#author"},"creator":{"@id":"https:\/\/meine-wochenmaerkte.de\/author\/witte\/#author"},"image":{"@type":"ImageObject","url":"https:\/\/meine-wochenmaerkte.de\/wp-content\/uploads\/ganze-bunte-Bete_Katrin-Mahlstedt-scaled.jpg","@id":"https:\/\/meine-wochenmaerkte.de\/september-rote-gelbe-und-ringelbete\/#mainImage","width":1920,"height":2560,"caption":"Bremer Marktkalender September 2026"},"primaryImageOfPage":{"@id":"https:\/\/meine-wochenmaerkte.de\/september-rote-gelbe-und-ringelbete\/#mainImage"},"datePublished":"2026-08-31T18:43:36+02:00","dateModified":"2026-08-31T18:44:47+02:00"},{"@type":"WebSite","@id":"https:\/\/meine-wochenmaerkte.de\/#website","url":"https:\/\/meine-wochenmaerkte.de\/","name":"Wochenm\u00e4rkte Bremen & Bremerhaven","description":"Die Wochenm\u00e4rkte im Land Bremen","inLanguage":"de-DE","publisher":{"@id":"https:\/\/meine-wochenmaerkte.de\/#organization"}}]},"og:locale":"de_DE","og:site_name":"Wochenm\u00e4rkte Bremen &amp; Bremerhaven - Die Wochenm\u00e4rkte im Land Bremen","og:type":"article","og:title":"September: Rote, Gelbe und Ringelbete - Wochenm\u00e4rkte Bremen &amp; Bremerhaven","og:description":"Marktpate Andreas Mahlstedt macht auch Skeptikern Lust auf bunte Bete.","og:url":"https:\/\/meine-wochenmaerkte.de\/september-rote-gelbe-und-ringelbete\/","og:image":"https:\/\/meine-wochenmaerkte.de\/wp-content\/uploads\/ganze-bunte-Bete_Katrin-Mahlstedt-scaled.jpg","og:image:secure_url":"https:\/\/meine-wochenmaerkte.de\/wp-content\/uploads\/ganze-bunte-Bete_Katrin-Mahlstedt-scaled.jpg","og:image:width":1920,"og:image:height":2560,"article:published_time":"2026-08-31T16:43:36+00:00","article:modified_time":"2026-08-31T16:44:47+00:00","article:publisher":"https:\/\/www.facebook.com\/bremens.wochenmaerkte\/","twitter:card":"summary_large_image","twitter:title":"September: Rote, Gelbe und Ringelbete - Wochenm\u00e4rkte Bremen &amp; Bremerhaven","twitter:description":"Marktpate Andreas Mahlstedt macht auch Skeptikern Lust auf bunte Bete.","twitter:image":"https:\/\/meine-wochenmaerkte.de\/wp-content\/uploads\/ganze-bunte-Bete_Katrin-Mahlstedt-scaled.jpg"},"aioseo_meta_data":{"post_id":"56487","title":null,"description":null,"keywords":null,"keyphrases":{"focus":{"keyphrase":"","score":0,"analysis":{"keyphraseInTitle":{"score":0,"maxScore":9,"error":1}}},"additional":[]},"primary_term":null,"canonical_url":null,"og_title":null,"og_description":null,"og_object_type":"default","og_image_type":"default","og_image_url":null,"og_image_width":null,"og_image_height":null,"og_image_custom_url":null,"og_image_custom_fields":null,"og_video":"","og_custom_url":null,"og_article_section":null,"og_article_tags":null,"twitter_use_og":false,"twitter_card":"default","twitter_image_type":"default","twitter_image_url":null,"twitter_image_custom_url":null,"twitter_image_custom_fields":null,"twitter_title":null,"twitter_description":null,"schema":{"blockGraphs":[],"customGraphs":[],"default":{"data":{"Article":[],"Course":[],"Dataset":[],"FAQPage":[],"Movie":[],"Person":[],"Product":[],"ProductReview":[],"Car":[],"Recipe":[],"Service":[],"SoftwareApplication":[],"WebPage":[]},"graphName":"BlogPosting","isEnabled":true},"graphs":[]},"schema_type":"default","schema_type_options":null,"pillar_content":false,"robots_default":true,"robots_noindex":false,"robots_noarchive":false,"robots_nosnippet":false,"robots_nofollow":false,"robots_noimageindex":false,"robots_noodp":false,"robots_notranslate":false,"robots_max_snippet":"-1","robots_max_videopreview":"-1","robots_max_imagepreview":"large","priority":null,"frequency":"default","local_seo":null,"breadcrumb_settings":null,"limit_modified_date":false,"ai":{"faqs":[],"keyPoints":[],"schemas":[],"titles":[],"descriptions":[],"socialPosts":{"email":{"subject":"","preview":"","content":""},"linkedin":[],"twitter":[],"facebook":[],"instagram":[]}},"created":"2026-08-31 15:11:58","updated":"2026-08-31 17:19:14","seo_analyzer_scan_date":null,"focus_keyword":null,"additional_keywords":null,"truseo_locale":null},"aioseo_breadcrumb":"<div class=\"aioseo-breadcrumbs\"><span class=\"aioseo-breadcrumb\">\n\t\t\t<a href=\"https:\/\/meine-wochenmaerkte.de\" title=\"Home\">Home<\/a>\n\t\t<\/span><span class=\"aioseo-breadcrumb-separator\">&raquo;<\/span><span class=\"aioseo-breadcrumb\">\n\t\t\t<a href=\"https:\/\/meine-wochenmaerkte.de\/category\/marktkalender\/\" title=\"Marktkalender\">Marktkalender<\/a>\n\t\t<\/span><span class=\"aioseo-breadcrumb-separator\">&raquo;<\/span><span class=\"aioseo-breadcrumb\">\n\t\t\t<a href=\"https:\/\/meine-wochenmaerkte.de\/category\/marktkalender\/herbst\/\" title=\"Herbst\">Herbst<\/a>\n\t\t<\/span><span class=\"aioseo-breadcrumb-separator\">&raquo;<\/span><span class=\"aioseo-breadcrumb\">\n\t\t\tSeptember: Rote, Gelbe und Ringelbete\n\t\t<\/span><\/div>","aioseo_breadcrumb_json":[{"label":"Home","link":"https:\/\/meine-wochenmaerkte.de"},{"label":"Marktkalender","link":"https:\/\/meine-wochenmaerkte.de\/category\/marktkalender\/"},{"label":"Herbst","link":"https:\/\/meine-wochenmaerkte.de\/category\/marktkalender\/herbst\/"},{"label":"September: Rote, Gelbe und Ringelbete","link":"https:\/\/meine-wochenmaerkte.de\/september-rote-gelbe-und-ringelbete\/"}],"_links":{"self":[{"href":"https:\/\/meine-wochenmaerkte.de\/api\/wp\/v2\/posts\/56487","targetHints":{"allow":["GET"]}}],"collection":[{"href":"https:\/\/meine-wochenmaerkte.de\/api\/wp\/v2\/posts"}],"about":[{"href":"https:\/\/meine-wochenmaerkte.de\/api\/wp\/v2\/types\/post"}],"author":[{"embeddable":true,"href":"https:\/\/meine-wochenmaerkte.de\/api\/wp\/v2\/users\/7"}],"replies":[{"embeddable":true,"href":"https:\/\/meine-wochenmaerkte.de\/api\/wp\/v2\/comments?post=56487"}],"version-history":[{"count":2,"href":"https:\/\/meine-wochenmaerkte.de\/api\/wp\/v2\/posts\/56487\/revisions"}],"predecessor-version":[{"id":56493,"href":"https:\/\/meine-wochenmaerkte.de\/api\/wp\/v2\/posts\/56487\/revisions\/56493"}],"wp:featuredmedia":[{"embeddable":true,"href":"https:\/\/meine-wochenmaerkte.de\/api\/wp\/v2\/media\/56489"}],"wp:attachment":[{"href":"https:\/\/meine-wochenmaerkte.de\/api\/wp\/v2\/media?parent=56487"}],"wp:term":[{"taxonomy":"category","embeddable":true,"href":"https:\/\/meine-wochenmaerkte.de\/api\/wp\/v2\/categories?post=56487"},{"taxonomy":"post_tag","embeddable":true,"href":"https:\/\/meine-wochenmaerkte.de\/api\/wp\/v2\/tags?post=56487"}],"curies":[{"name":"wp","href":"https:\/\/api.w.org\/{rel}","templated":true}]}}